{"id":11432,"__str__":"Projeto de Lei Ordin\u00e1ria n\u00ba 45 de 2023","link_detail_backend":"/materia/11432","metadata":{},"numero":45,"ano":2023,"numero_protocolo":430,"data_apresentacao":"2023-07-05","tipo_apresentacao":"","data_publicacao":null,"numero_origem_externa":"","ano_origem_externa":null,"data_origem_externa":null,"apelido":"","dias_prazo":null,"data_fim_prazo":null,"em_tramitacao":true,"polemica":false,"objeto":"","complementar":false,"ementa":"Autoriza o Poder Executivo a permutar im\u00f3vel p\u00fablico por \u00e1rea constru\u00edda, com particular, para atendimento aos termos da Lei Estadual n\u00ba 13.506, de 31 de agosto de 2010, e cumprimento de seus encargos pelo munic\u00edpio, e assim objetivando a constru\u00e7\u00e3o do Centro Cultural, Conven\u00e7\u00f5es e Congressos do Munic\u00edpio de Canela, e d\u00e1 outras provid\u00eancias.","indexacao":"","observacao":"","resultado":"","texto_original":"http://sapl.canela.rs.leg.br/media/sapl/public/materialegislativa/2023/11432/pl_no_45_-_2023_-_permuta_centro_de_feiras_-_centro_cultural_convencoes_e_congressos.zip","data_ultima_atualizacao":"2023-07-05T15:24:20.628965-03:00","ip":"","ultima_edicao":null,"tipo":1,"regime_tramitacao":1,"tipo_origem_externa":null,"local_origem_externa":null,"user":null,"anexadas":[],"autores":[74]}