{"id":12497,"__str__":"Indica\u00e7\u00e3o n\u00ba 224 de 2024","link_detail_backend":"/materia/12497","metadata":{},"numero":224,"ano":2024,"numero_protocolo":451,"data_apresentacao":"2024-07-04","tipo_apresentacao":"","data_publicacao":null,"numero_origem_externa":"","ano_origem_externa":null,"data_origem_externa":null,"apelido":"","dias_prazo":null,"data_fim_prazo":null,"em_tramitacao":false,"polemica":false,"objeto":"","complementar":false,"ementa":"Solicito que seja,  inclu\u00eddo no Calend\u00e1rio Oficial de Eventos do Munic\u00edpio de Canela a \"Semana Municipal de Conscientiza\u00e7\u00e3o do Transtorno do Espectro Autista \"neste munic\u00edpio.","indexacao":"","observacao":"","resultado":"","texto_original":"http://sapl.canela.rs.leg.br/media/sapl/public/materialegislativa/2024/12497/indicacao_semana_municipal_de_conscientizacao_do_transtorno_do_espectro_autista__.docx.pdf","data_ultima_atualizacao":"2024-07-09T12:01:53.848446-03:00","ip":"","ultima_edicao":null,"tipo":8,"regime_tramitacao":1,"tipo_origem_externa":null,"local_origem_externa":null,"user":null,"anexadas":[],"autores":[112]}