{"id":2142,"__str__":"Indica\u00e7\u00e3o n\u00ba 107 de 2013","link_detail_backend":"/materia/2142","metadata":{},"numero":107,"ano":2013,"numero_protocolo":null,"data_apresentacao":"2013-05-13","tipo_apresentacao":"E","data_publicacao":null,"numero_origem_externa":"","ano_origem_externa":null,"data_origem_externa":null,"apelido":"","dias_prazo":null,"data_fim_prazo":null,"em_tramitacao":true,"polemica":false,"objeto":"","complementar":false,"ementa":"SOLICITA QUE SEJA ENCAMINHADO AO SENHOR PREFEITO MUNICIPAL, A PROPOSTA DE LEI QUE  &#8220;DISP\u00d5E SOBRE A INCLUS\u00c3O DE MEDIDAS DE CONSCIENTIZA\u00c7\u00c3O, PREVEN\u00c7\u00c3O E COMBATE AO &#8220;BULLYING&#8221; ESCOLAR NO PROJETO PEDAG\u00d3GICO ELABORADO PELAS ESCOLAS P\u00daBLICAS DE EDUCA\u00c7\u00c3O B\u00c1SICA DO MUNIC\u00cdPIO DE CANELA/RS&#8221;. ","indexacao":"","observacao":"","resultado":"","texto_original":"http://sapl.canela.rs.leg.br/media/sapl/public/materialegislativa/2013/2142/2142_texto_integral.docx","data_ultima_atualizacao":"2019-07-10T12:33:46.081608-03:00","ip":"","ultima_edicao":null,"tipo":8,"regime_tramitacao":1,"tipo_origem_externa":null,"local_origem_externa":null,"user":null,"anexadas":[],"autores":[9]}