{"id":3139,"__str__":"Mo\u00e7\u00e3o n\u00ba 32 de 2014","link_detail_backend":"/materia/3139","metadata":{},"numero":32,"ano":2014,"numero_protocolo":null,"data_apresentacao":"2014-08-04","tipo_apresentacao":"E","data_publicacao":null,"numero_origem_externa":"","ano_origem_externa":null,"data_origem_externa":null,"apelido":"","dias_prazo":null,"data_fim_prazo":null,"em_tramitacao":true,"polemica":false,"objeto":"","complementar":false,"ementa":"APRESENTA MO\u00c7\u00c3O DE APLAUSO, OU CONGRATULA\u00c7\u00d5ES, DIRIGIDA AO SR\u00b0 PEDRO DA SILVA FOGA\u00c7A, ATLETA CANELENSE QUE REPRESENTOU O MUNIC\u00cdPIO EM ETAPA DO CAMPEONATO BRASILEIRO DE LEVANTAMENTO DE PESO, NO MUNIC\u00cdPIO DE TR\u00caS COROAS. O EVENTO CONTOU COM A PRESEN\u00c7A DE 250 PARTICIPANTES DE TODOS OS ESTADOS DO BRASIL. O REPRESENTANTE CANELENSE CONQUISTOU O 1\u00b0 LUGAR NA COMPETI\u00c7\u00c3O, CONSEGUINDO LEVANTAR 320KG. O QUE \u00c9 MOTIVO DE ORGULHO PARA TODOS N\u00d3S.\r\n","indexacao":"","observacao":"","resultado":"","texto_original":"http://sapl.canela.rs.leg.br/media/sapl/public/materialegislativa/2014/3139/3139_texto_integral.docx","data_ultima_atualizacao":"2019-07-10T12:33:40.712168-03:00","ip":"","ultima_edicao":null,"tipo":7,"regime_tramitacao":1,"tipo_origem_externa":null,"local_origem_externa":null,"user":null,"anexadas":[],"autores":[63]}