{"id":5677,"__str__":"Pedido de Informa\u00e7\u00f5es n\u00ba 46 de 2017","link_detail_backend":"/materia/5677","metadata":{},"numero":46,"ano":2017,"numero_protocolo":null,"data_apresentacao":"2017-08-14","tipo_apresentacao":"E","data_publicacao":null,"numero_origem_externa":"","ano_origem_externa":null,"data_origem_externa":null,"apelido":"","dias_prazo":null,"data_fim_prazo":null,"em_tramitacao":true,"polemica":null,"objeto":"","complementar":null,"ementa":"PEDIDO DE INFORMA\u00c7\u00d5ES, PARA QUE SEJA INFORMADO PELO ILUSTR\u00cdSSIMO VICE PREFEITO DE CANELA, SR. GILBERTO DA CONCEI\u00c7\u00c3O C\u00c9ZAR, COM RELA\u00c7\u00c3O A CARGOS LIGADOS AO SEU GABINETE, BEM COMO CARGOS INDICADOS PELO SEU PARTIDO, PSDB DE CANELA, QUE COMP\u00d5E O QUADRO DE CARGOS EM COMISS\u00c3O NO PRESENTE MANDATO.","indexacao":"","observacao":"","resultado":"","texto_original":"http://sapl.canela.rs.leg.br/media/sapl/public/materialegislativa/2017/5677/5677_texto_integral.docx","data_ultima_atualizacao":"2019-07-10T12:33:43.853596-03:00","ip":"","ultima_edicao":null,"tipo":9,"regime_tramitacao":1,"tipo_origem_externa":null,"local_origem_externa":null,"user":null,"anexadas":[],"autores":[114]}