{"id":5684,"__str__":"Requerimento n\u00ba 16 de 2017","link_detail_backend":"/materia/5684","metadata":{},"numero":16,"ano":2017,"numero_protocolo":null,"data_apresentacao":"2017-08-14","tipo_apresentacao":"E","data_publicacao":null,"numero_origem_externa":"","ano_origem_externa":null,"data_origem_externa":null,"apelido":"","dias_prazo":null,"data_fim_prazo":null,"em_tramitacao":true,"polemica":null,"objeto":"","complementar":null,"ementa":"VENHO SOLICITAR AO PLEN\u00c1RIO DESTA CASA QUE, AP\u00d3S AN\u00c1LISE DAS RAZ\u00d5ES EXPOSTAS, APROVE A IDA DE UM VEREADOR A BRAS\u00cdLIA, NO PER\u00cdODO DE 22 A 25 DE AGOSTO DO CORRENTE ANO, COM A FINALIDADE DE REPRESENTAR O LEGISLATIVO CANELENSE NA COMITIVA DO PODER EXECUTIVO QUE BUSCAR\u00c1 AUX\u00cdLIO FINANCEIRO PARA O SONHO DE NATAL E TAMB\u00c9M A PRESEN\u00c7A JUNTO AO 5\u00ba CONGRESSO NACIONAL DE LEGISLATIVOS MUNICIPAIS. ","indexacao":"","observacao":"","resultado":"","texto_original":"http://sapl.canela.rs.leg.br/media/sapl/public/materialegislativa/2017/5684/5684_texto_integral.docx","data_ultima_atualizacao":"2019-07-10T12:33:47.244479-03:00","ip":"","ultima_edicao":null,"tipo":3,"regime_tramitacao":1,"tipo_origem_externa":null,"local_origem_externa":null,"user":null,"anexadas":[],"autores":[108]}