{"id":7131,"__str__":"Indica\u00e7\u00e3o n\u00ba 14 de 2019","link_detail_backend":"/materia/7131","metadata":{},"numero":14,"ano":2019,"numero_protocolo":2395,"data_apresentacao":"2019-02-01","tipo_apresentacao":"E","data_publicacao":null,"numero_origem_externa":"","ano_origem_externa":null,"data_origem_externa":null,"apelido":"","dias_prazo":null,"data_fim_prazo":null,"em_tramitacao":false,"polemica":null,"objeto":"","complementar":null,"ementa":"INDICA\u00c7\u00c3O PARA QUE O PODER EXECUTIVO ENTRE EM CONTATO COM A VIA\u00c7\u00c3O CANELENSE, PARA FAZER QUE AS ROTAS DOS \u00d4NIBUS CIRCULAR PASSEM PELA SECRETARIA DE SA\u00daDE, ESSAS ROTAS T\u00caM QUE SER EM HOR\u00c1RIOS ALTERNADOS, PELO MENOS TR\u00caS HOR\u00c1RIOS DE MANH\u00c3 E TR\u00caS \u00c0 TARDE. ","indexacao":"","observacao":"","resultado":"","texto_original":"http://sapl.canela.rs.leg.br/media/sapl/public/materialegislativa/2019/7131/7131_texto_integral.doc","data_ultima_atualizacao":"2019-08-21T09:07:00.017706-03:00","ip":"","ultima_edicao":null,"tipo":8,"regime_tramitacao":1,"tipo_origem_externa":null,"local_origem_externa":null,"user":null,"anexadas":[],"autores":[109]}