{"id":7142,"__str__":"Requerimento n\u00ba 2 de 2019","link_detail_backend":"/materia/7142","metadata":{},"numero":2,"ano":2019,"numero_protocolo":null,"data_apresentacao":"2019-02-11","tipo_apresentacao":"E","data_publicacao":null,"numero_origem_externa":"","ano_origem_externa":null,"data_origem_externa":null,"apelido":"","dias_prazo":null,"data_fim_prazo":null,"em_tramitacao":true,"polemica":null,"objeto":"","complementar":null,"ementa":"DEVIDOS A MOTIVOS PARTICULARES, REQUEIRO LICEN\u00c7A NOS TERMOS DO ART. 16, ALINEA B DO REGIMENTO INTERNO, PELO PRAZO RESTANTE DA MINHA CONVOCA\u00c7\u00c3O. (VER. CARLA REIS)","indexacao":"","observacao":"","resultado":"","texto_original":"http://sapl.canela.rs.leg.br/media/sapl/public/materialegislativa/2019/7142/7142_texto_integral.doc","data_ultima_atualizacao":"2019-07-10T12:33:45.837281-03:00","ip":"","ultima_edicao":null,"tipo":3,"regime_tramitacao":1,"tipo_origem_externa":null,"local_origem_externa":null,"user":null,"anexadas":[],"autores":[138]}