{"id":7798,"__str__":"Indica\u00e7\u00e3o n\u00ba 348 de 2019","link_detail_backend":"/materia/7798","metadata":{},"numero":348,"ano":2019,"numero_protocolo":150,"data_apresentacao":"2019-09-16","tipo_apresentacao":"","data_publicacao":null,"numero_origem_externa":"","ano_origem_externa":null,"data_origem_externa":null,"apelido":"","dias_prazo":null,"data_fim_prazo":null,"em_tramitacao":false,"polemica":null,"objeto":"","complementar":null,"ementa":", a Indica\u00e7\u00e3o da proposta de lei, que da Concess\u00e3o de plantas populares \u00e0s popula\u00e7\u00f5es carentes, no \u00e2mbito do Munic\u00edpio de Canela, como consta em proposta anexa","indexacao":"","observacao":"","resultado":"","texto_original":"http://sapl.canela.rs.leg.br/media/sapl/public/materialegislativa/2019/7798/plantas.odt","data_ultima_atualizacao":"2019-09-17T08:20:50.250462-03:00","ip":"","ultima_edicao":null,"tipo":8,"regime_tramitacao":1,"tipo_origem_externa":null,"local_origem_externa":null,"user":null,"anexadas":[],"autores":[101]}