{"id":7959,"__str__":"Mo\u00e7\u00e3o n\u00ba 110 de 2019","link_detail_backend":"/materia/7959","metadata":{},"numero":110,"ano":2019,"numero_protocolo":311,"data_apresentacao":"2019-10-29","tipo_apresentacao":"","data_publicacao":null,"numero_origem_externa":"","ano_origem_externa":null,"data_origem_externa":null,"apelido":"","dias_prazo":null,"data_fim_prazo":null,"em_tramitacao":false,"polemica":null,"objeto":"","complementar":null,"ementa":"Mo\u00e7\u00e3o de aplauso aos Bombeiros que participaram do resgate do jovem Heitor, que estava dentro da casa que incendiou no munic\u00edpio de Gramado.\r\n\r\nSoldado do Corpo de Bombeiros de Canela Allessandro Pereira Righi.\r\nSoldado do Corpo de Bombeiros de Gramado Jhonatan de Figueiredo Marques.","indexacao":"","observacao":"","resultado":"","texto_original":"http://sapl.canela.rs.leg.br/media/sapl/public/materialegislativa/2019/7959/bombeiro.doc","data_ultima_atualizacao":"2019-11-01T15:10:05.455410-03:00","ip":"","ultima_edicao":null,"tipo":7,"regime_tramitacao":1,"tipo_origem_externa":null,"local_origem_externa":null,"user":null,"anexadas":[],"autores":[108]}