{"id":7981,"__str__":"Requerimento n\u00ba 11 de 2019","link_detail_backend":"/materia/7981","metadata":{},"numero":11,"ano":2019,"numero_protocolo":333,"data_apresentacao":"2019-11-04","tipo_apresentacao":"","data_publicacao":null,"numero_origem_externa":"","ano_origem_externa":null,"data_origem_externa":null,"apelido":"","dias_prazo":null,"data_fim_prazo":null,"em_tramitacao":false,"polemica":null,"objeto":"","complementar":null,"ementa":"solicitar que seja acolhida sua licen\u00e7a da sess\u00e3o do dia 04/11/2019, para participar da Audi\u00eancia Publica na cidade de Tr\u00eas Coroas sobre a Barragem das Laranjeiras nos termos do Regimento Interno Art. 16, inciso II letra C.","indexacao":"","observacao":"","resultado":"","texto_original":"http://sapl.canela.rs.leg.br/media/sapl/public/materialegislativa/2019/7981/requerimento_emilia.doc","data_ultima_atualizacao":"2019-11-05T08:27:00.821444-03:00","ip":"","ultima_edicao":null,"tipo":3,"regime_tramitacao":1,"tipo_origem_externa":null,"local_origem_externa":null,"user":null,"anexadas":[],"autores":[128]}