{"id":8088,"__str__":"Projeto de Decreto Legislativo n\u00ba 38 de 2019","link_detail_backend":"/materia/8088","metadata":{},"numero":38,"ano":2019,"numero_protocolo":440,"data_apresentacao":"2019-12-02","tipo_apresentacao":"","data_publicacao":null,"numero_origem_externa":"","ano_origem_externa":null,"data_origem_externa":null,"apelido":"","dias_prazo":null,"data_fim_prazo":null,"em_tramitacao":false,"polemica":null,"objeto":"","complementar":null,"ementa":"Disp\u00f5e sobre a outorga de \u201cT\u00edtulo de Cidad\u00e3o Canelense\u201d ao Ilustr\u00edssimo Senhor Adelar Ramm e d\u00e1 outras provid\u00eancias.","indexacao":"","observacao":"","resultado":"","texto_original":"http://sapl.canela.rs.leg.br/media/sapl/public/materialegislativa/2019/8088/cidadao_canelense_-_adelar_ramm_just.odt","data_ultima_atualizacao":"2019-12-19T09:18:13.110338-03:00","ip":"187.103.238.140","ultima_edicao":"2019-12-19T09:18:12.992050-03:00","tipo":6,"regime_tramitacao":1,"tipo_origem_externa":null,"local_origem_externa":null,"user":104,"anexadas":[],"autores":[110]}