{"id":8225,"__str__":"Indica\u00e7\u00e3o n\u00ba 478 de 2019","link_detail_backend":"/materia/8225","metadata":{},"numero":478,"ano":2019,"numero_protocolo":577,"data_apresentacao":"2019-12-16","tipo_apresentacao":"","data_publicacao":null,"numero_origem_externa":"","ano_origem_externa":null,"data_origem_externa":null,"apelido":"","dias_prazo":null,"data_fim_prazo":null,"em_tramitacao":false,"polemica":null,"objeto":"","complementar":null,"ementa":"a Indica\u00e7\u00e3o para que seja refeita a cal\u00e7ada na rua Adolfo Seibt, bairro S\u00e3o Jos\u00e9.","indexacao":"","observacao":"","resultado":"","texto_original":"http://sapl.canela.rs.leg.br/media/sapl/public/materialegislativa/2019/8225/ind_citral.odt","data_ultima_atualizacao":"2019-12-20T09:29:22.036668-03:00","ip":"","ultima_edicao":null,"tipo":8,"regime_tramitacao":1,"tipo_origem_externa":null,"local_origem_externa":null,"user":null,"anexadas":[],"autores":[136]}