{"id":8767,"__str__":"Indica\u00e7\u00e3o n\u00ba 278 de 2020","link_detail_backend":"/materia/8767","metadata":{},"numero":278,"ano":2020,"numero_protocolo":522,"data_apresentacao":"2020-08-24","tipo_apresentacao":"","data_publicacao":null,"numero_origem_externa":"","ano_origem_externa":null,"data_origem_externa":null,"apelido":"","dias_prazo":null,"data_fim_prazo":null,"em_tramitacao":false,"polemica":null,"objeto":"","complementar":null,"ementa":"Indica\u00e7\u00e3o solicitando ao poder executivo, a isen\u00e7\u00e3o das taxas cobradas pelo poder executivo, \u00e1s pessoas que tiveram suas casas destru\u00eddas por inc\u00eandios.","indexacao":"","observacao":"","resultado":"","texto_original":"http://sapl.canela.rs.leg.br/media/sapl/public/materialegislativa/2020/8767/incendios.odt","data_ultima_atualizacao":"2020-08-25T07:31:12.572670-03:00","ip":"","ultima_edicao":null,"tipo":8,"regime_tramitacao":1,"tipo_origem_externa":null,"local_origem_externa":null,"user":null,"anexadas":[],"autores":[101]}