{"id":9610,"__str__":"Indica\u00e7\u00e3o n\u00ba 272 de 2021","link_detail_backend":"/materia/9610","metadata":{},"numero":272,"ano":2021,"numero_protocolo":436,"data_apresentacao":"2021-05-14","tipo_apresentacao":"","data_publicacao":null,"numero_origem_externa":"","ano_origem_externa":null,"data_origem_externa":null,"apelido":"","dias_prazo":null,"data_fim_prazo":null,"em_tramitacao":false,"polemica":false,"objeto":"","complementar":false,"ementa":"a seguinte indica\u00e7\u00e3o Projeto Sugest\u00e3o para que se estude a possibilidade de uma Unidade de Escola T\u00e9cnica Federal no munic\u00edpio, atrav\u00e9s de uma parceria com o MEC,que j\u00e1 possui um  projeto padr\u00e3o para a implanta\u00e7\u00e3o de Unidades de Escolas T\u00e9cnicas no Pa\u00eds . Segue em anexo Projeto Padr\u00e3o do MEC para os devidos esclarecimentos.","indexacao":"","observacao":"","resultado":"","texto_original":"http://sapl.canela.rs.leg.br/media/sapl/public/materialegislativa/2021/9610/escola_tecnica-federal.odt","data_ultima_atualizacao":"2021-07-09T13:57:43.182955-03:00","ip":"","ultima_edicao":null,"tipo":8,"regime_tramitacao":1,"tipo_origem_externa":null,"local_origem_externa":null,"user":null,"anexadas":[],"autores":[101]}