{"id":9904,"__str__":"Indica\u00e7\u00e3o n\u00ba 448 de 2021","link_detail_backend":"/materia/9904","metadata":{},"numero":448,"ano":2021,"numero_protocolo":730,"data_apresentacao":"2021-08-27","tipo_apresentacao":"","data_publicacao":null,"numero_origem_externa":"","ano_origem_externa":null,"data_origem_externa":null,"apelido":"","dias_prazo":null,"data_fim_prazo":null,"em_tramitacao":false,"polemica":false,"objeto":"","complementar":false,"ementa":"Que seja analisado pelo Poder Executivo a possibilidade de entrar em contato com a empresa Rek Parking, que \u00e9 respons\u00e1vel pelo estacionamento rotativo de nossa cidade, para que os mesmos possam usar o espa\u00e7o externo dispon\u00edvel no Centro de Feiras, para abrir novas vagas rotativas, principalmente para \u00f4nibus e vans de passeio.","indexacao":"","observacao":"","resultado":"","texto_original":"http://sapl.canela.rs.leg.br/media/sapl/public/materialegislativa/2021/9904/25_-_indicacao_-_estacionamento_centro_de_feiras_.docx.pdf","data_ultima_atualizacao":"2021-08-31T13:42:54.340813-03:00","ip":"","ultima_edicao":null,"tipo":8,"regime_tramitacao":1,"tipo_origem_externa":null,"local_origem_externa":null,"user":null,"anexadas":[],"autores":[151]}