{"headers": {"id": "ID", "periodo": "Per\u00edodo", "titulo": "Mat\u00e9ria", "autor": "Autor", "ementa": "Ementa", "situacao": "Situa\u00e7\u00e3o"}, "results": [{"id": 11686, "periodo": "ordem dia", "titulo": "Indica\u00e7\u00e3o n\u00ba 380 de 2023", "autor": "Alberi Galvani Dias", "ementa": "Disp\u00f5e sobre a autoriza\u00e7\u00e3o para cria\u00e7\u00e3o de um \u201cAlbergue Municipal\u201d no Munic\u00edpio de\r\nCanela e d\u00e1 outras provid\u00eancias.", "situacao": "N\u00e3o informada"}, {"id": 11687, "periodo": "ordem dia", "titulo": "Indica\u00e7\u00e3o n\u00ba 381 de 2023", "autor": "Alberi Galvani Dias", "ementa": "Que sejam analisadas nas Ruas que j\u00e1 est\u00e3o pavimentadas, as cal\u00e7adas\r\nexistentes nas vias que n\u00e3o ofere\u00e7am condi\u00e7\u00f5es de uso, e que sejam solicitadas aos\r\nmoradores e dado todas as instru\u00e7\u00f5es de como fazer, estabelecendo um prazo para que\r\na mesma seja conclu\u00edda, passando este prazo e n\u00e3o havendo conclus\u00e3o da cal\u00e7ada pelo\r\nmorador, que o executivo fa\u00e7a \u00e0 cal\u00e7ada e cobre a mesma no IPTU.", "situacao": "N\u00e3o informada"}, {"id": 11688, "periodo": "ordem dia", "titulo": "Indica\u00e7\u00e3o n\u00ba 382 de 2023", "autor": "Alberi Galvani Dias", "ementa": "Que crie o Programa Municipal \"CANELA SORRINDO FELIZ\", destinado a reabilita\u00e7\u00e3o\r\nbucal da popula\u00e7\u00e3o carente", "situacao": "N\u00e3o informada"}, {"id": 11689, "periodo": "ordem dia", "titulo": "Indica\u00e7\u00e3o n\u00ba 383 de 2023", "autor": "Alberi Galvani Dias", "ementa": "Solicitando o recapeamento e a restaura\u00e7\u00e3o asf\u00e1ltica da Rua Gustavo Muller , no Bairro\r\nChacr\u00e3o que encontra- se em p\u00e9ssimo estado de conserva\u00e7\u00e3o.", "situacao": "N\u00e3o informada"}, {"id": 11690, "periodo": "ordem dia", "titulo": "Indica\u00e7\u00e3o n\u00ba 384 de 2023", "autor": "Alberi Galvani Dias", "ementa": "Sugerindo que a administra\u00e7\u00e3o municipal, quando for realizar uma licita\u00e7\u00e3o para o\r\nasfaltamento das ruas do munic\u00edpio, exija da empresa ganhadora , que a mesma realize\r\num estudo e ao fazer o asfaltamento j\u00e1 coloque os quebra-molas precisos nas ruas.", "situacao": "N\u00e3o informada"}, {"id": 11692, "periodo": "ordem dia", "titulo": "Mo\u00e7\u00e3o n\u00ba 83 de 2023", "autor": "Jer\u00f4nimo Terra Rolim", "ementa": "Mo\u00e7\u00e3o de Aplausos \u00e0 Delegacia de Pol\u00edcia Civil de Canela pelo evento Crian\u00e7a Feliz, com a distribui\u00e7\u00e3o de quase 1000 brinquedos para crian\u00e7as da comunidade.", "situacao": "N\u00e3o informada"}, {"id": 11693, "periodo": "ordem dia", "titulo": "Mo\u00e7\u00e3o n\u00ba 84 de 2023", "autor": "Jer\u00f4nimo Terra Rolim", "ementa": "Mo\u00e7\u00e3o de Aplausos ao Consulado do Sport Club Internacional de Canela pelo evento Crian\u00e7a Feliz, com a distribui\u00e7\u00e3o de quase 1000 brinquedos para crian\u00e7as da comunidade.", "situacao": "N\u00e3o informada"}, {"id": 11694, "periodo": "ordem dia", "titulo": "Mo\u00e7\u00e3o n\u00ba 85 de 2023", "autor": "Merlin Jone Wulff", "ementa": "MO\u00c7\u00c3O DE PESAR pela passagem de Joaquim Santos da Silva.", "situacao": "N\u00e3o informada"}, {"id": 11684, "periodo": "ordem dia", "titulo": "Pedido de Informa\u00e7\u00f5es n\u00ba 118 de 2023", "autor": "Jer\u00f4nimo Terra Rolim", "ementa": "Informe o senhor prefeito a atual situa\u00e7\u00e3o das obras de pavimenta\u00e7\u00e3o, drenagem e sinaliza\u00e7\u00e3o da rota panor\u00e2mica, que se encontra inacabada, bem como traga c\u00f3pia e informe se o aditivo contratual est\u00e1 atualizado.", "situacao": "N\u00e3o informada"}, {"id": 11685, "periodo": "ordem dia", "titulo": "Pedido de Informa\u00e7\u00f5es n\u00ba 119 de 2023", "autor": "Jer\u00f4nimo Terra Rolim", "ementa": "Qual o valor que a prefeitura gasta no CEMPRA mensalmente.", "situacao": "N\u00e3o informada"}, {"id": 11691, "periodo": "ordem dia", "titulo": "Pedido de Informa\u00e7\u00f5es n\u00ba 120 de 2023", "autor": "Roberto Mauro Grulke", "ementa": "Que seja informado se o estado j\u00e1 realizou o protocolo para a\r\nretirada do gravame do Parque do Pal\u00e1cio, se n\u00e3o o fez o por qu\u00ea?\r\nE se n\u00e3o for retirado o gravame qual o prazo que ir\u00e3o estender para\r\na constru\u00e7\u00e3o do Centro de Conven\u00e7\u00f5es.", "situacao": "N\u00e3o informada"}]}